{"id":848,"count":8,"description":"Personalitza el teu estil, dissenya la teva pr\u00f2pia samarreta!\r\nTenim una gran varietat de models disponibles Samarretes tacte cot\u00f3, Samarretes T\u00e8cniques de m\u00e0niga curta i de m\u00e0niga llarga.\r\nDisponibles en diverses talles, per a nens, dones i home. Amb el nostre sistema d'impressi\u00f3 t'enviarem les teves comandes r\u00e0pid i amb gran qualitat.\r\nJa sigui per a un regal, alguna cosa a celebrar, una ocasi\u00f3 social o una pe\u00e7a de treball, el nostre objectiu \u00e9s la satisfaci\u00f3n del client.","link":"https:\/\/i-moments.com\/ca\/c\/regala-productes-personalitzats\/accessoris-personalitzables\/samarretes-personalitzades\/","name":"Samarretes Personalitzades","slug":"samarretes-personalitzades","taxonomy":"product_cat","parent":610,"meta":[],"menu_order":38,"_links":{"self":[{"href":"https:\/\/i-moments.com\/ca\/wp-json\/wp\/v2\/product_cat\/848","targetHints":{"allow":["GET"]}}],"collection":[{"href":"https:\/\/i-moments.com\/ca\/wp-json\/wp\/v2\/product_cat"}],"about":[{"href":"https:\/\/i-moments.com\/ca\/wp-json\/wp\/v2\/taxonomies\/product_cat"}],"up":[{"embeddable":true,"href":"https:\/\/i-moments.com\/ca\/wp-json\/wp\/v2\/product_cat\/610"}],"wp:post_type":[{"href":"https:\/\/i-moments.com\/ca\/wp-json\/wp\/v2\/product?product_cat=848"}],"curies":[{"name":"wp","href":"https:\/\/api.w.org\/{rel}","templated":true}]}}